{"id":4948,"date":"2025-04-17T07:37:07","date_gmt":"2025-04-17T07:37:07","guid":{"rendered":"https:\/\/www.medinik.de\/2-bonner-forum-rezidivierende-urolithiasis-bonn\/"},"modified":"2025-04-17T08:53:12","modified_gmt":"2025-04-17T08:53:12","slug":"2-bonner-forum-rezidivierende-urolithiasis-bonn","status":"publish","type":"post","link":"https:\/\/www.medinik.de\/es\/2-bonner-forum-rezidivierende-urolithiasis-bonn\/","title":{"rendered":"2. Bonner Forum rezidi\u00advierende Urolithiasis, Bonn"},"content":{"rendered":"<p>El Foro de Bonn es un importante acontecimiento centrado en el debate y el intercambio de informaci\u00f3n sobre la urolitiasis recurrente. Un equipo de FARCO estuvo presente con un stand de exposici\u00f3n y el mediNiK\u00ae\u00a0para demostraci\u00f3n In situ. En una presentaci\u00f3n del Prof. Neisius (Hospital de los Hermanos de la Misericordia, Tr\u00e9veris), se habl\u00f3 de la eficacia y los beneficios de mediNiK\u00ae<\/p>\n","protected":false},"excerpt":{"rendered":"<p>El Foro de Bonn es un importante acontecimiento centrado en el debate y el intercambio de informaci\u00f3n sobre la urolitiasis recurrente. Un equipo de FARCO estuvo presente con un stand de exposici\u00f3n y el mediNiK\u00ae\u00a0para demostraci\u00f3n In situ. En una presentaci\u00f3n del Prof. Neisius (Hospital de los Hermanos de la Misericordia, Tr\u00e9veris), se habl\u00f3 de [&hellip;]<\/p>\n","protected":false},"author":1,"featured_media":3437,"comment_status":"closed","ping_status":"open","sticky":false,"template":"","format":"standard","meta":{"_et_pb_use_builder":"","_et_pb_old_content":"","_et_gb_content_width":"","inline_featured_image":false,"footnotes":""},"categories":[14],"tags":[],"class_list":["post-4948","post","type-post","status-publish","format-standard","has-post-thumbnail","hentry","category-sin-categorizar"],"yoast_head":"<!-- This site is optimized with the Yoast SEO plugin v27.4 - https:\/\/yoast.com\/product\/yoast-seo-wordpress\/ -->\n<title>2. Bonner Forum rezidi\u00advierende Urolithiasis, Bonn - mediNiK\u00ae<\/title>\n<meta name=\"robots\" content=\"index, follow, max-snippet:-1, max-image-preview:large, max-video-preview:-1\" \/>\n<link rel=\"canonical\" href=\"https:\/\/www.medinik.de\/es\/2-bonner-forum-rezidivierende-urolithiasis-bonn\/\" \/>\n<meta property=\"og:locale\" content=\"es_ES\" \/>\n<meta property=\"og:type\" content=\"article\" \/>\n<meta property=\"og:title\" content=\"2. Bonner Forum rezidi\u00advierende Urolithiasis, Bonn - mediNiK\u00ae\" \/>\n<meta property=\"og:description\" content=\"El Foro de Bonn es un importante acontecimiento centrado en el debate y el intercambio de informaci\u00f3n sobre la urolitiasis recurrente. Un equipo de FARCO estuvo presente con un stand de exposici\u00f3n y el mediNiK\u00ae\u00a0para demostraci\u00f3n In situ. En una presentaci\u00f3n del Prof. Neisius (Hospital de los Hermanos de la Misericordia, Tr\u00e9veris), se habl\u00f3 de [&hellip;]\" \/>\n<meta property=\"og:url\" content=\"https:\/\/www.medinik.de\/es\/2-bonner-forum-rezidivierende-urolithiasis-bonn\/\" \/>\n<meta property=\"og:site_name\" content=\"mediNiK\u00ae\" \/>\n<meta property=\"article:published_time\" content=\"2025-04-17T07:37:07+00:00\" \/>\n<meta property=\"article:modified_time\" content=\"2025-04-17T08:53:12+00:00\" \/>\n<meta property=\"og:image\" content=\"https:\/\/www.medinik.de\/wp-content\/uploads\/2024\/09\/Veranstaltung3-Bonner_Forum_Ausschnitt@3x.jpg\" \/>\n\t<meta property=\"og:image:width\" content=\"1020\" \/>\n\t<meta property=\"og:image:height\" content=\"660\" \/>\n\t<meta property=\"og:image:type\" content=\"image\/jpeg\" \/>\n<meta name=\"author\" content=\"admin\" \/>\n<meta name=\"twitter:card\" content=\"summary_large_image\" \/>\n<meta name=\"twitter:label1\" content=\"Escrito por\" \/>\n\t<meta name=\"twitter:data1\" content=\"admin\" \/>\n\t<meta name=\"twitter:label2\" content=\"Tiempo de lectura\" \/>\n\t<meta name=\"twitter:data2\" content=\"1 minuto\" \/>\n<script type=\"application\/ld+json\" class=\"yoast-schema-graph\">{\"@context\":\"https:\\\/\\\/schema.org\",\"@graph\":[{\"@type\":\"Article\",\"@id\":\"https:\\\/\\\/www.medinik.de\\\/es\\\/2-bonner-forum-rezidivierende-urolithiasis-bonn\\\/#article\",\"isPartOf\":{\"@id\":\"https:\\\/\\\/www.medinik.de\\\/es\\\/2-bonner-forum-rezidivierende-urolithiasis-bonn\\\/\"},\"author\":{\"name\":\"admin\",\"@id\":\"https:\\\/\\\/www.medinik.de\\\/es\\\/#\\\/schema\\\/person\\\/e8c49dd384d73ca156204c2c90bc0c1f\"},\"headline\":\"2. Bonner Forum rezidi\u00advierende Urolithiasis, Bonn\",\"datePublished\":\"2025-04-17T07:37:07+00:00\",\"dateModified\":\"2025-04-17T08:53:12+00:00\",\"mainEntityOfPage\":{\"@id\":\"https:\\\/\\\/www.medinik.de\\\/es\\\/2-bonner-forum-rezidivierende-urolithiasis-bonn\\\/\"},\"wordCount\":74,\"image\":{\"@id\":\"https:\\\/\\\/www.medinik.de\\\/es\\\/2-bonner-forum-rezidivierende-urolithiasis-bonn\\\/#primaryimage\"},\"thumbnailUrl\":\"https:\\\/\\\/www.medinik.de\\\/wp-content\\\/uploads\\\/2024\\\/09\\\/Veranstaltung3-Bonner_Forum_Ausschnitt@3x.jpg\",\"articleSection\":[\"Sin categorizar\"],\"inLanguage\":\"es\"},{\"@type\":\"WebPage\",\"@id\":\"https:\\\/\\\/www.medinik.de\\\/es\\\/2-bonner-forum-rezidivierende-urolithiasis-bonn\\\/\",\"url\":\"https:\\\/\\\/www.medinik.de\\\/es\\\/2-bonner-forum-rezidivierende-urolithiasis-bonn\\\/\",\"name\":\"2. Bonner Forum rezidi\u00advierende Urolithiasis, Bonn - mediNiK\u00ae\",\"isPartOf\":{\"@id\":\"https:\\\/\\\/www.medinik.de\\\/es\\\/#website\"},\"primaryImageOfPage\":{\"@id\":\"https:\\\/\\\/www.medinik.de\\\/es\\\/2-bonner-forum-rezidivierende-urolithiasis-bonn\\\/#primaryimage\"},\"image\":{\"@id\":\"https:\\\/\\\/www.medinik.de\\\/es\\\/2-bonner-forum-rezidivierende-urolithiasis-bonn\\\/#primaryimage\"},\"thumbnailUrl\":\"https:\\\/\\\/www.medinik.de\\\/wp-content\\\/uploads\\\/2024\\\/09\\\/Veranstaltung3-Bonner_Forum_Ausschnitt@3x.jpg\",\"datePublished\":\"2025-04-17T07:37:07+00:00\",\"dateModified\":\"2025-04-17T08:53:12+00:00\",\"author\":{\"@id\":\"https:\\\/\\\/www.medinik.de\\\/es\\\/#\\\/schema\\\/person\\\/e8c49dd384d73ca156204c2c90bc0c1f\"},\"breadcrumb\":{\"@id\":\"https:\\\/\\\/www.medinik.de\\\/es\\\/2-bonner-forum-rezidivierende-urolithiasis-bonn\\\/#breadcrumb\"},\"inLanguage\":\"es\",\"potentialAction\":[{\"@type\":\"ReadAction\",\"target\":[\"https:\\\/\\\/www.medinik.de\\\/es\\\/2-bonner-forum-rezidivierende-urolithiasis-bonn\\\/\"]}]},{\"@type\":\"ImageObject\",\"inLanguage\":\"es\",\"@id\":\"https:\\\/\\\/www.medinik.de\\\/es\\\/2-bonner-forum-rezidivierende-urolithiasis-bonn\\\/#primaryimage\",\"url\":\"https:\\\/\\\/www.medinik.de\\\/wp-content\\\/uploads\\\/2024\\\/09\\\/Veranstaltung3-Bonner_Forum_Ausschnitt@3x.jpg\",\"contentUrl\":\"https:\\\/\\\/www.medinik.de\\\/wp-content\\\/uploads\\\/2024\\\/09\\\/Veranstaltung3-Bonner_Forum_Ausschnitt@3x.jpg\",\"width\":1020,\"height\":660,\"caption\":\"Ein Referent pr\u00e4sentiert beim Bonner Forum die Vorteile und Anwendungen von mediNiK\u00ae Hydrogel bei der Nierensteinentfernung.\"},{\"@type\":\"BreadcrumbList\",\"@id\":\"https:\\\/\\\/www.medinik.de\\\/es\\\/2-bonner-forum-rezidivierende-urolithiasis-bonn\\\/#breadcrumb\",\"itemListElement\":[{\"@type\":\"ListItem\",\"position\":1,\"name\":\"Startseite\",\"item\":\"https:\\\/\\\/www.medinik.de\\\/es\\\/\"},{\"@type\":\"ListItem\",\"position\":2,\"name\":\"2. Bonner Forum rezidi\u00advierende Urolithiasis, Bonn\"}]},{\"@type\":\"WebSite\",\"@id\":\"https:\\\/\\\/www.medinik.de\\\/es\\\/#website\",\"url\":\"https:\\\/\\\/www.medinik.de\\\/es\\\/\",\"name\":\"mediNiK\u00ae\",\"description\":\"Der neue Standard. Steinfrei mit mediNiK\u00ae\",\"potentialAction\":[{\"@type\":\"SearchAction\",\"target\":{\"@type\":\"EntryPoint\",\"urlTemplate\":\"https:\\\/\\\/www.medinik.de\\\/es\\\/?s={search_term_string}\"},\"query-input\":{\"@type\":\"PropertyValueSpecification\",\"valueRequired\":true,\"valueName\":\"search_term_string\"}}],\"inLanguage\":\"es\"},{\"@type\":\"Person\",\"@id\":\"https:\\\/\\\/www.medinik.de\\\/es\\\/#\\\/schema\\\/person\\\/e8c49dd384d73ca156204c2c90bc0c1f\",\"name\":\"admin\",\"sameAs\":[\"https:\\\/\\\/www.medinik.de\"],\"url\":\"https:\\\/\\\/www.medinik.de\\\/es\\\/author\\\/wum-diar\\\/\"}]}<\/script>\n<!-- \/ Yoast SEO plugin. -->","yoast_head_json":{"title":"2. Bonner Forum rezidi\u00advierende Urolithiasis, Bonn - mediNiK\u00ae","robots":{"index":"index","follow":"follow","max-snippet":"max-snippet:-1","max-image-preview":"max-image-preview:large","max-video-preview":"max-video-preview:-1"},"canonical":"https:\/\/www.medinik.de\/es\/2-bonner-forum-rezidivierende-urolithiasis-bonn\/","og_locale":"es_ES","og_type":"article","og_title":"2. Bonner Forum rezidi\u00advierende Urolithiasis, Bonn - mediNiK\u00ae","og_description":"El Foro de Bonn es un importante acontecimiento centrado en el debate y el intercambio de informaci\u00f3n sobre la urolitiasis recurrente. Un equipo de FARCO estuvo presente con un stand de exposici\u00f3n y el mediNiK\u00ae\u00a0para demostraci\u00f3n In situ. En una presentaci\u00f3n del Prof. Neisius (Hospital de los Hermanos de la Misericordia, Tr\u00e9veris), se habl\u00f3 de [&hellip;]","og_url":"https:\/\/www.medinik.de\/es\/2-bonner-forum-rezidivierende-urolithiasis-bonn\/","og_site_name":"mediNiK\u00ae","article_published_time":"2025-04-17T07:37:07+00:00","article_modified_time":"2025-04-17T08:53:12+00:00","og_image":[{"width":1020,"height":660,"url":"https:\/\/www.medinik.de\/wp-content\/uploads\/2024\/09\/Veranstaltung3-Bonner_Forum_Ausschnitt@3x.jpg","type":"image\/jpeg"}],"author":"admin","twitter_card":"summary_large_image","twitter_misc":{"Escrito por":"admin","Tiempo de lectura":"1 minuto"},"schema":{"@context":"https:\/\/schema.org","@graph":[{"@type":"Article","@id":"https:\/\/www.medinik.de\/es\/2-bonner-forum-rezidivierende-urolithiasis-bonn\/#article","isPartOf":{"@id":"https:\/\/www.medinik.de\/es\/2-bonner-forum-rezidivierende-urolithiasis-bonn\/"},"author":{"name":"admin","@id":"https:\/\/www.medinik.de\/es\/#\/schema\/person\/e8c49dd384d73ca156204c2c90bc0c1f"},"headline":"2. Bonner Forum rezidi\u00advierende Urolithiasis, Bonn","datePublished":"2025-04-17T07:37:07+00:00","dateModified":"2025-04-17T08:53:12+00:00","mainEntityOfPage":{"@id":"https:\/\/www.medinik.de\/es\/2-bonner-forum-rezidivierende-urolithiasis-bonn\/"},"wordCount":74,"image":{"@id":"https:\/\/www.medinik.de\/es\/2-bonner-forum-rezidivierende-urolithiasis-bonn\/#primaryimage"},"thumbnailUrl":"https:\/\/www.medinik.de\/wp-content\/uploads\/2024\/09\/Veranstaltung3-Bonner_Forum_Ausschnitt@3x.jpg","articleSection":["Sin categorizar"],"inLanguage":"es"},{"@type":"WebPage","@id":"https:\/\/www.medinik.de\/es\/2-bonner-forum-rezidivierende-urolithiasis-bonn\/","url":"https:\/\/www.medinik.de\/es\/2-bonner-forum-rezidivierende-urolithiasis-bonn\/","name":"2. Bonner Forum rezidi\u00advierende Urolithiasis, Bonn - mediNiK\u00ae","isPartOf":{"@id":"https:\/\/www.medinik.de\/es\/#website"},"primaryImageOfPage":{"@id":"https:\/\/www.medinik.de\/es\/2-bonner-forum-rezidivierende-urolithiasis-bonn\/#primaryimage"},"image":{"@id":"https:\/\/www.medinik.de\/es\/2-bonner-forum-rezidivierende-urolithiasis-bonn\/#primaryimage"},"thumbnailUrl":"https:\/\/www.medinik.de\/wp-content\/uploads\/2024\/09\/Veranstaltung3-Bonner_Forum_Ausschnitt@3x.jpg","datePublished":"2025-04-17T07:37:07+00:00","dateModified":"2025-04-17T08:53:12+00:00","author":{"@id":"https:\/\/www.medinik.de\/es\/#\/schema\/person\/e8c49dd384d73ca156204c2c90bc0c1f"},"breadcrumb":{"@id":"https:\/\/www.medinik.de\/es\/2-bonner-forum-rezidivierende-urolithiasis-bonn\/#breadcrumb"},"inLanguage":"es","potentialAction":[{"@type":"ReadAction","target":["https:\/\/www.medinik.de\/es\/2-bonner-forum-rezidivierende-urolithiasis-bonn\/"]}]},{"@type":"ImageObject","inLanguage":"es","@id":"https:\/\/www.medinik.de\/es\/2-bonner-forum-rezidivierende-urolithiasis-bonn\/#primaryimage","url":"https:\/\/www.medinik.de\/wp-content\/uploads\/2024\/09\/Veranstaltung3-Bonner_Forum_Ausschnitt@3x.jpg","contentUrl":"https:\/\/www.medinik.de\/wp-content\/uploads\/2024\/09\/Veranstaltung3-Bonner_Forum_Ausschnitt@3x.jpg","width":1020,"height":660,"caption":"Ein Referent pr\u00e4sentiert beim Bonner Forum die Vorteile und Anwendungen von mediNiK\u00ae Hydrogel bei der Nierensteinentfernung."},{"@type":"BreadcrumbList","@id":"https:\/\/www.medinik.de\/es\/2-bonner-forum-rezidivierende-urolithiasis-bonn\/#breadcrumb","itemListElement":[{"@type":"ListItem","position":1,"name":"Startseite","item":"https:\/\/www.medinik.de\/es\/"},{"@type":"ListItem","position":2,"name":"2. Bonner Forum rezidi\u00advierende Urolithiasis, Bonn"}]},{"@type":"WebSite","@id":"https:\/\/www.medinik.de\/es\/#website","url":"https:\/\/www.medinik.de\/es\/","name":"mediNiK\u00ae","description":"Der neue Standard. Steinfrei mit mediNiK\u00ae","potentialAction":[{"@type":"SearchAction","target":{"@type":"EntryPoint","urlTemplate":"https:\/\/www.medinik.de\/es\/?s={search_term_string}"},"query-input":{"@type":"PropertyValueSpecification","valueRequired":true,"valueName":"search_term_string"}}],"inLanguage":"es"},{"@type":"Person","@id":"https:\/\/www.medinik.de\/es\/#\/schema\/person\/e8c49dd384d73ca156204c2c90bc0c1f","name":"admin","sameAs":["https:\/\/www.medinik.de"],"url":"https:\/\/www.medinik.de\/es\/author\/wum-diar\/"}]}},"_links":{"self":[{"href":"https:\/\/www.medinik.de\/es\/wp-json\/wp\/v2\/posts\/4948","targetHints":{"allow":["GET"]}}],"collection":[{"href":"https:\/\/www.medinik.de\/es\/wp-json\/wp\/v2\/posts"}],"about":[{"href":"https:\/\/www.medinik.de\/es\/wp-json\/wp\/v2\/types\/post"}],"author":[{"embeddable":true,"href":"https:\/\/www.medinik.de\/es\/wp-json\/wp\/v2\/users\/1"}],"replies":[{"embeddable":true,"href":"https:\/\/www.medinik.de\/es\/wp-json\/wp\/v2\/comments?post=4948"}],"version-history":[{"count":2,"href":"https:\/\/www.medinik.de\/es\/wp-json\/wp\/v2\/posts\/4948\/revisions"}],"predecessor-version":[{"id":4998,"href":"https:\/\/www.medinik.de\/es\/wp-json\/wp\/v2\/posts\/4948\/revisions\/4998"}],"wp:featuredmedia":[{"embeddable":true,"href":"https:\/\/www.medinik.de\/es\/wp-json\/wp\/v2\/media\/3437"}],"wp:attachment":[{"href":"https:\/\/www.medinik.de\/es\/wp-json\/wp\/v2\/media?parent=4948"}],"wp:term":[{"taxonomy":"category","embeddable":true,"href":"https:\/\/www.medinik.de\/es\/wp-json\/wp\/v2\/categories?post=4948"},{"taxonomy":"post_tag","embeddable":true,"href":"https:\/\/www.medinik.de\/es\/wp-json\/wp\/v2\/tags?post=4948"}],"curies":[{"name":"wp","href":"https:\/\/api.w.org\/{rel}","templated":true}]}}